{"id":654,"date":"2010-03-11T10:44:35","date_gmt":"2010-03-11T09:44:35","guid":{"rendered":"http:\/\/www.cesnak.org\/csnk\/?p=654"},"modified":"2010-03-11T22:57:17","modified_gmt":"2010-03-11T21:57:17","slug":"duhovy-pride-bratislava-2010","status":"publish","type":"post","link":"https:\/\/www.cesnak.org\/csnk\/duhovy-pride-bratislava-2010\/","title":{"rendered":"D\u00fahov\u00fd PRIDE Bratislava 2010"},"content":{"rendered":"<p><a href=\"http:\/\/duhovypride.sk\/sk\/\" target=\"_blank\"><img decoding=\"async\" src=\"http:\/\/duhovypride.sk\/uploaded\/prideba2010_banner468x60.png\" alt=\"\" \/><\/a><\/p>\n<p>D\u00fahov\u00fd PRIDE Bratislava 2010 je slovensk\u00fdm LGBT pochodom za \u013eudsk\u00e9 pr\u00e1va neheterosexu\u00e1lnych \u013eud\u00ed, za ich spolo\u010densk\u00e9 a politick\u00e9 zrovnopr\u00e1vnenie a prvou oslavou gejsko-lesbickej hrdosti.<\/p>\n<p>D\u00fahov\u00fd PRIDE Bratislava 2010 sa uskuto\u010dn\u00ed 22. m\u00e1ja, kedy sa v centre mesta stretn\u00fa nielen gejovia, lesby, bi, transgender a intersex \u013eudia, ale v\u0161etci a v\u0161etky, ktor\u00fdm nie je \u013eahostajn\u00fd koncept \u013eudsk\u00fdch pr\u00e1v a otvorenej spolo\u010dnosti.<\/p>\n<p>D\u00fahov\u00fd PRIDE Bratislava 2010 organizuje ob\u010dianske zdru\u017eenie Queer Leaders Forum, neform\u00e1lna skupina Queers a platforma \u010fal\u0161\u00edch mlad\u00fdch slovensk\u00fdch aktivistov a aktivistiek.<\/p>\n<p>viac na: <a href=\"http:\/\/duhovypride.sk\/sk\/\">http:\/\/duhovypride.sk\/sk\/<\/a><\/p>\n","protected":false},"excerpt":{"rendered":"<p>D\u00fahov\u00fd PRIDE Bratislava 2010 je slovensk\u00fdm LGBT pochodom za \u013eudsk\u00e9 pr\u00e1va neheterosexu\u00e1lnych \u013eud\u00ed, za ich spolo\u010densk\u00e9 a politick\u00e9 zrovnopr\u00e1vnenie a prvou oslavou gejsko-lesbickej hrdosti. D\u00fahov\u00fd PRIDE Bratislava 2010 sa uskuto\u010dn\u00ed 22. m\u00e1ja, kedy sa v centre mesta stretn\u00fa nielen gejovia, lesby, bi, transgender a intersex \u013eudia, ale v\u0161etci a v\u0161etky, ktor\u00fdm nie je \u013eahostajn\u00fd koncept [&hellip;]<\/p>\n","protected":false},"author":4,"featured_media":0,"comment_status":"open","ping_status":"open","sticky":false,"template":"","format":"standard","meta":{"pgc_sgb_lightbox_settings":"","footnotes":"","_links_to":"","_links_to_target":""},"categories":[7],"tags":[15,16,12,13,14],"class_list":["post-654","post","type-post","status-publish","format-standard","hentry","category-akcie","tag-gejovia","tag-lesby","tag-ludske-prava","tag-pride","tag-queer"],"_links":{"self":[{"href":"https:\/\/www.cesnak.org\/csnk\/wp-json\/wp\/v2\/posts\/654","targetHints":{"allow":["GET"]}}],"collection":[{"href":"https:\/\/www.cesnak.org\/csnk\/wp-json\/wp\/v2\/posts"}],"about":[{"href":"https:\/\/www.cesnak.org\/csnk\/wp-json\/wp\/v2\/types\/post"}],"author":[{"embeddable":true,"href":"https:\/\/www.cesnak.org\/csnk\/wp-json\/wp\/v2\/users\/4"}],"replies":[{"embeddable":true,"href":"https:\/\/www.cesnak.org\/csnk\/wp-json\/wp\/v2\/comments?post=654"}],"version-history":[{"count":0,"href":"https:\/\/www.cesnak.org\/csnk\/wp-json\/wp\/v2\/posts\/654\/revisions"}],"wp:attachment":[{"href":"https:\/\/www.cesnak.org\/csnk\/wp-json\/wp\/v2\/media?parent=654"}],"wp:term":[{"taxonomy":"category","embeddable":true,"href":"https:\/\/www.cesnak.org\/csnk\/wp-json\/wp\/v2\/categories?post=654"},{"taxonomy":"post_tag","embeddable":true,"href":"https:\/\/www.cesnak.org\/csnk\/wp-json\/wp\/v2\/tags?post=654"}],"curies":[{"name":"wp","href":"https:\/\/api.w.org\/{rel}","templated":true}]}}