{"id":8447,"date":"2014-10-29T01:40:12","date_gmt":"2014-10-29T00:40:12","guid":{"rendered":"http:\/\/www.cesnak.org\/csnk\/?p=8447"},"modified":"2014-11-21T01:39:42","modified_gmt":"2014-11-21T00:39:42","slug":"21-11-2014-klub-luc-trencin-boiling-point-kultra-innoxia-corpora-f-p-b-hank-the-dj","status":"publish","type":"post","link":"https:\/\/www.cesnak.org\/csnk\/21-11-2014-klub-luc-trencin-boiling-point-kultra-innoxia-corpora-f-p-b-hank-the-dj\/","title":{"rendered":"UPDATED! 21. 11. 2014 Klub L\u00fa\u010d Tren\u010d\u00edn: Boiling Point, Kultra!, Innoxia Corpora, F.P.B., Hank The DJ"},"content":{"rendered":"<p><a href=\"http:\/\/www.cesnak.org\/csnk\/wp-content\/uploads\/2014\/11\/21NOV_LUC.png\"><img loading=\"lazy\" decoding=\"async\" class=\"aligncenter size-full wp-image-8471\" src=\"http:\/\/www.cesnak.org\/csnk\/wp-content\/uploads\/2014\/11\/21NOV_LUC.png\" alt=\"21NOV_LUC\" width=\"700\" height=\"990\" srcset=\"https:\/\/www.cesnak.org\/csnk\/wp-content\/uploads\/2014\/11\/21NOV_LUC.png 700w, https:\/\/www.cesnak.org\/csnk\/wp-content\/uploads\/2014\/11\/21NOV_LUC-212x300.png 212w\" sizes=\"auto, (max-width: 700px) 100vw, 700px\" \/><\/a><\/p>\n<p>&nbsp;<\/p>\n<p>&nbsp;<\/p>\n<p><em>&#8220;Kdy\u017e je dnes \u010dlov\u011bku dvacet chce se mu hnusem zvracet<\/em><br \/>\n<em>ale t\u011bm co je \u010dty\u0159icet je toho vybl\u00edt je\u0161t\u011b v\u00edce&#8221; E. Bondy<br \/>\n<\/em><\/p>\n<p>Pri pr\u00edle\u017eitosti mojich do\u017eit\u00fdch 40 naroden\u00edn som nepl\u00e1noval, tak ako ka\u017ed\u00fd rok ni\u010d. Okolnosti v\u0161ak nakoniec dali vznikn\u00fa\u0165 nie\u010domu \u010do by sa dalo vzdialene nazva\u0165 narodeninovou oslavou. Dovolil som si pozva\u0165 kapely\/kamar\u00e1tov \u010do m\u00e1m r\u00e1d a r\u00e1d si ich nazvu\u010d\u00edm a vy mi svojou n\u00e1v\u0161tevou a zaplaten\u00edm, ver\u00edm \u017ee symbolick\u00e9ho vstupn\u00e9ho, d\u00e1te t\u00fato mo\u017enos\u0165 ako dar\u010dek! Ob\u010derstvenie bude,\u00a0 n\u00e1poje bud\u00fa.<\/p>\n<p>Program:<\/p>\n<p><a href=\"http:\/\/analogfreaks.net\"><img loading=\"lazy\" decoding=\"async\" class=\"alignnone\" src=\"https:\/\/dl.dropboxusercontent.com\/u\/1066573\/AFR\/boilingpoint_logo.jpg\" alt=\"boiling point logo\" width=\"370\" height=\"100\" \/><\/a><\/p>\n<p><strong>Boiling Point<\/strong> (\u017dilina) &#8211; Mlad\u00e1 krv, na m\u0148a p\u00f4sobia ako elix\u00edr \u017eivota a to nie len ke\u010f s\u00fa pr\u00e1ve na p\u00f3diu. Za to v\u00e1m chlapci \u010fakujem.<\/p>\n<p>Pam\u00e4t\u00e1m sa ako som v dvadsiatich \u010d\u00edtal rozhovory o tom ak\u00e9 je to by\u0165 punk po tridsiatke. U\u017e neviem \u010do tam p\u00edsali, bolo to d\u00e1vno, v ka\u017edom pr\u00edpade ke\u010f m\u00e1\u0161 k elix\u00edru \u017eivota aj kamar\u00e1tov, ktor\u00ed \u0165a v tom cel\u00fa tu dobu nenechaj\u00fa sam\u00e9ho ide to aj po \u0161tyridsiatke. Obzvl\u00e1\u0161\u0165 ke\u010f t\u00ed kamar\u00e1ti vedia zahra\u0165 a zaspieva\u0165 takto:<\/p>\n<p><a href=\"http:\/\/www.innoxiacorpora.cz\/\"><img loading=\"lazy\" decoding=\"async\" class=\"alignnone\" src=\"http:\/\/www.innoxiacorpora.cz\/images\/Header.jpg\" alt=\"innoxia corpora logo \" width=\"499\" height=\"144\" \/><\/a><\/p>\n<p><strong>Innoxia Corpora<\/strong> (Zub\u0159\u00ed\/Ro\u017enov)<\/p>\n<div class=\"ad_half_banner song_lyrics_video\">\n<audio class=\"wp-audio-shortcode\" id=\"audio-8447-1\" preload=\"none\" style=\"width: 100%;\" controls=\"controls\"><source type=\"audio\/mpeg\" src=\"http:\/\/www.innoxiacorpora.cz\/audio\/mp3\/Je%20stale%20tezsi\/04_Nezapiram.mp3?_=1\" \/><a href=\"http:\/\/www.innoxiacorpora.cz\/audio\/mp3\/Je%20stale%20tezsi\/04_Nezapiram.mp3\">http:\/\/www.innoxiacorpora.cz\/audio\/mp3\/Je%20stale%20tezsi\/04_Nezapiram.mp3<\/a><\/audio>\n<\/div>\n<div class=\"one_lyrics_with_video\">\n<p class=\"text\"><em>K smrti bl\u00ed\u017e <\/em><br \/>\n<em> to nezasp\u00ed\u0161 <\/em><br \/>\n<em> neboj. <\/em><\/p>\n<p><em> K hrobu bl\u00ed\u017e <\/em><br \/>\n<em> sp\u00ed\u0161 \u010di bd\u00ed\u0161 <\/em><br \/>\n<em> neboj. <\/em><\/p>\n<p><em> Nezap\u00edr\u00e1m <\/em><br \/>\n<em> jsem jin\u00fd <\/em><br \/>\n<em> ne\u017e jsem b\u00fdval. <\/em><\/p>\n<p><em> K hrobu bl\u00ed\u017e <\/em><br \/>\n<em> ty zas sp\u00ed\u0161 <\/em><br \/>\n<em> tak poj\u010f sem&#8230; <\/em><br \/>\n<em> &#8230;poj\u010f sem bl\u00ed\u017e.<\/em><\/p>\n<p class=\"text\">A ke\u010f u\u017e sme v Ro\u017enove tak <strong>Kultra!<\/strong> Od svojho vzniku za\u010diatkom 90 rokov po s\u00fa\u010dasnos\u0165 pre\u0161li na prv\u00fd poh\u013ead ve\u013ekou zmenou a vlastne ani nie:<\/p>\n<p class=\"text\"><a href=\"http:\/\/www.vaant.cz\/?page_id=2562\"><img loading=\"lazy\" decoding=\"async\" class=\"alignnone\" src=\"http:\/\/www.vaant.cz\/photos\/Kultra!%20Demo%202014.JPG\" alt=\"kultra!\" width=\"541\" height=\"349\" \/><\/a><\/p>\n<audio class=\"wp-audio-shortcode\" id=\"audio-8447-2\" preload=\"none\" style=\"width: 100%;\" controls=\"controls\"><source type=\"audio\/mpeg\" src=\"http:\/\/www.vaant.cz\/tracks\/01.Kultra.2014.Zakon.dzungle.mp3?_=2\" \/><a href=\"http:\/\/www.vaant.cz\/tracks\/01.Kultra.2014.Zakon.dzungle.mp3\">http:\/\/www.vaant.cz\/tracks\/01.Kultra.2014.Zakon.dzungle.mp3<\/a><\/audio>\n<p class=\"text\"><em>My se nept\u00e1me, my v\u00e1m neodpov\u00edme<\/em><br \/>\n<em> my se nept\u00e1me, my prost\u011b berem<\/em><br \/>\n<em> jsou to na\u0161e dny s va\u0161\u00edm vy\u0159azen\u00fdm dechem<\/em><br \/>\n<em> my se nept\u00e1me, my prost\u011b \u017eerem<\/em><\/p>\n<\/div>\n<p>A ke\u010f\u017ee to bude v\u00fdro\u010die okr\u00fahle tak nie\u010do \u0161peci\u00e1lne. Punk a po\u00e9zia? Minim\u00e1lne dve predch\u00e1dzaj\u00face kapely k tomu nemaj\u00fa \u010faleko, ale Morgenstern, Wenzl,\u00a0 Ferlinghetti?!\u00a0 Asi naj\u010falej t\u00fato kombin\u00e1ciu dotiahli pred mnoh\u00fdmi rokmi teplick\u00fd <strong>F.P.B.\u00a0 <\/strong><\/p>\n<p><a href=\"http:\/\/www.ceskatelevize.cz\/specialy\/bigbit\/kapely\/118-f-p-b\/\"><img loading=\"lazy\" decoding=\"async\" class=\"alignnone\" src=\"http:\/\/i.idnes.cz\/08\/111\/gal\/OB26eca2_rockfest_1986_0001.jpg\" alt=\"fpb\" width=\"460\" height=\"344\" \/><\/a><\/p>\n<p><em>Jsme slab\u00ed ze v\u0161ech sil \/ Kr\u00e1j\u00edme tup\u00fd chl\u00e9b \/ kr\u00e1sa \u2013 nekr\u00e1sa \/ ml\u00e1t\u00edme do \u017eelez.<br \/>\n<\/em><\/p>\n<p>M\u00edra Wanek s U\u017e Jsme Doma sa stavia cestou z in\u00e9ho koncertu a p\u00f4vodn\u00fd gitarista F.P.B. a dlhoro\u010dn\u00fd \u010dlen UJD Romek Hanz\u00edk pr\u00edde \u0161peci\u00e1lne kvoli tomuto koncertu. \u010eakujem!<\/p>\n<p>&nbsp;<\/p>\n<p>O hudobn\u00fd doprovod a after party sa postar\u00e1 Hank The DJ.<\/p>\n<p>Pozor! Prekvapenia nie s\u00fa vylu\u010den\u00e9! Hovor\u00ed sa dokonca o tom \u017ee po mnoh\u00fdch rokoch sa objav\u00edm na p\u00f3diu v inej \u00falohe, ako ke\u010f tam po koncerte bal\u00edm k\u00e1ble.<\/p>\n<p>&nbsp;<\/p>\n<p>Praktick\u00e9 inform\u00e1cie:\u00a0 \u0160tart produkcie 20:00.<span style=\"color: #ff0000;\"><strong> Poradie:\u00a0 Boiling Point, Kultra!, Innoxia Corpora, F.P.B.<\/strong><\/span> Vstupn\u00e9 3,- cez rezerv\u00e1cie na str\u00e1nke <a href=\"http:\/\/klubluc.sk\">klubu<\/a>, 4,- na mieste.<\/p>\n<p>&nbsp;<\/p>\n<p>Michal &#8220;Cesnak&#8221;<\/p>\n","protected":false},"excerpt":{"rendered":"<p>&nbsp; &nbsp; &#8220;Kdy\u017e je dnes \u010dlov\u011bku dvacet chce se mu hnusem zvracet ale t\u011bm co je \u010dty\u0159icet je toho vybl\u00edt je\u0161t\u011b v\u00edce&#8221; E. Bondy Pri pr\u00edle\u017eitosti mojich do\u017eit\u00fdch 40 naroden\u00edn som nepl\u00e1noval, tak ako ka\u017ed\u00fd rok ni\u010d. Okolnosti v\u0161ak nakoniec dali vznikn\u00fa\u0165 nie\u010domu \u010do by sa dalo vzdialene nazva\u0165 narodeninovou oslavou. Dovolil som si pozva\u0165 [&hellip;]<\/p>\n","protected":false},"author":4,"featured_media":0,"comment_status":"open","ping_status":"open","sticky":false,"template":"","format":"standard","meta":{"pgc_sgb_lightbox_settings":"","footnotes":"","_links_to":"","_links_to_target":""},"categories":[7,4],"tags":[],"class_list":["post-8447","post","type-post","status-publish","format-standard","hentry","category-akcie","category-punk"],"_links":{"self":[{"href":"https:\/\/www.cesnak.org\/csnk\/wp-json\/wp\/v2\/posts\/8447","targetHints":{"allow":["GET"]}}],"collection":[{"href":"https:\/\/www.cesnak.org\/csnk\/wp-json\/wp\/v2\/posts"}],"about":[{"href":"https:\/\/www.cesnak.org\/csnk\/wp-json\/wp\/v2\/types\/post"}],"author":[{"embeddable":true,"href":"https:\/\/www.cesnak.org\/csnk\/wp-json\/wp\/v2\/users\/4"}],"replies":[{"embeddable":true,"href":"https:\/\/www.cesnak.org\/csnk\/wp-json\/wp\/v2\/comments?post=8447"}],"version-history":[{"count":0,"href":"https:\/\/www.cesnak.org\/csnk\/wp-json\/wp\/v2\/posts\/8447\/revisions"}],"wp:attachment":[{"href":"https:\/\/www.cesnak.org\/csnk\/wp-json\/wp\/v2\/media?parent=8447"}],"wp:term":[{"taxonomy":"category","embeddable":true,"href":"https:\/\/www.cesnak.org\/csnk\/wp-json\/wp\/v2\/categories?post=8447"},{"taxonomy":"post_tag","embeddable":true,"href":"https:\/\/www.cesnak.org\/csnk\/wp-json\/wp\/v2\/tags?post=8447"}],"curies":[{"name":"wp","href":"https:\/\/api.w.org\/{rel}","templated":true}]}}