{"id":8487,"date":"2015-01-21T22:12:20","date_gmt":"2015-01-21T21:12:20","guid":{"rendered":"http:\/\/www.cesnak.org\/csnk\/?p=8487"},"modified":"2015-01-21T22:12:20","modified_gmt":"2015-01-21T21:12:20","slug":"den-pro-kliniku-zilina","status":"publish","type":"post","link":"https:\/\/www.cesnak.org\/csnk\/den-pro-kliniku-zilina\/","title":{"rendered":"Den pro Kliniku \u017dilina"},"content":{"rendered":"<p><img loading=\"lazy\" decoding=\"async\" class=\"alignnone\" src=\"https:\/\/fbcdn-sphotos-c-a.akamaihd.net\/hphotos-ak-xap1\/v\/t1.0-9\/10923193_10205510312980248_355833997300871858_n.jpg?oh=3d6f2e174e259dfd87aee3fdfd4b1722&amp;oe=55303B01&amp;__gda__=1433350712_ba0896921981338b5348832db43071d3\" alt=\"\" width=\"479\" height=\"700\" \/><\/p>\n<p>Ani \u017dilina nez\u016fstane 24. ledna on\u011bm\u011bl\u00e1 a beze slov. I \u017dilina se rozhodla p\u0159ipojit ke Dni pro Kliniku, k akci nap\u0159\u00ed\u010d republikama na podporu pra\u017esk\u00e9ho komunitn\u00edho kulturn\u011b soci\u00e1ln\u00edho centra s\u00eddl\u00edc\u00edho v budov\u011b b\u00fdval\u00e9 polikliniky. Je to n\u011bco p\u0159es m\u011bs\u00edc, co policie n\u00e1siln\u011b vyklidila akademiky a dal\u0161\u00ed obyvatele Kliniky z Jes\u00e9niovy ulice vz\u00e1p\u011bt\u00ed potom, co zch\u00e1tralou budovu uvedli do funk\u010dn\u00edho stavu a cht\u011bli za\u010d\u00edt rozv\u00edjet soci\u00e1ln\u00ed a kulturn\u00ed aktivity na podporu m\u00edstn\u00ed komunity. Kde jsou hranice svobody v postkomunistick\u00e9m st\u00e1t\u011b? Pro\u010d stoj\u00ed st\u00e1tn\u00ed agrese a represe nad logikou a selsk\u00fdm rozumem a jak\u00e1 je budoucnost brownfield\u016f v tomto regionu? P\u0159ij\u010fte diskutovat, p\u0159ij\u010fte se bavit, p\u0159ij\u010fte tan\u010dit a slavit. P\u0159ij\u010fte uk\u00e1zat, \u017ee \u017dilin\u011b s bohatou squaterskou minulost\u00ed nen\u00ed jedno, co se d\u011bje kousek za plotem.<\/p>\n<p>V\u00edc o Klinice na <a href=\"http:\/\/451.cz\/klinika\/\" target=\"_blank\">http:\/\/451.cz\/klinika\/<\/a><br \/>\nEvent pro ob\u011b republiky <a href=\"https:\/\/www.facebook.com\/events\/514629072010125\/\" target=\"_blank\">https:\/\/www.facebook.com\/events\/514629072010125\/<\/a><\/p>\n<p>&#8212;&#8212;&#8212;&#8212;&#8212;&#8212;&#8212;&#8212;&#8212;&#8212;&#8212;&#8212;&#8212;&#8212;&#8212;&#8212;&#8212;&#8212;&#8212;&#8212;&#8212;&#8212;&#8212;&#8212;&#8212;-<br \/>\nPROGRAM:<\/p>\n<p>18:00 &#8211; S MIKROFONY, ALE NEFORM\u00c1LN\u011a<\/p>\n<p>Rodinn\u00e1 komunitn\u00ed debata &#8230; V pozici diskutuj\u00edc\u00edch budou krom\u011b v\u00e1s v\u0161ech, kte\u0159\u00ed doraz\u00edte, i Feldek &#8211; \u017eilinsk\u00fd echt punker, obyvatel squatu Pal\u00e1c Sofia, kter\u00fd s \u017eeleznou pravidelnost\u00ed va\u0159\u00ed o V\u00e1noc\u00edch a Silvestru pol\u00e9vku pro lidi v nouzi. Feldeka dopln\u00ed Bra\u0148o, kter\u00fd se vl\u00e1mal do mnoh\u00fdch jin\u00fdch dom\u016f p\u0159edt\u00edm ne\u017e zalo\u017eil Pal\u00e1c Sofia. Vtahovat div\u00e1ky do diskuze bude Du\u0161an z Audiozinu, moder\u00e1tor diskuze. Na dochviln\u00e9 \u010dek\u00e1 p\u0159ekvapen\u00ed!<\/p>\n<p>20:00 &#8211; KONCERT<\/p>\n<p><b>D\u00e1\u0161a Fon F\u013ea\u0161a<\/b><br \/>\nFolkpunkov\u00fd p\u00edsni\u010dk\u00e1\u0159, kter\u00fd je v\u0161ude doma. Fenom\u00e9n, o kter\u00e9m sly\u0161\u00ed\u0161 nad ka\u017edou pravou rundou borovi\u010dky. DIY nezmar, kter\u00fd ti nasol\u00ed takovou zpov\u011b\u010f, \u017ee ti zb\u00fdv\u00e1 jen vyst\u0159elit ruku hore a souhlasn\u011b p\u0159ikyvovat bradou.<br \/>\n<a href=\"http:\/\/dasafonflasa.bandcamp.com\/\" target=\"_blank\">http:\/\/dasafonflasa.bandcamp.com\/<\/a><\/p>\n<p><b>Rats Get Fat<\/b><br \/>\n\u017dilinsk\u00e1 hc screamo \u00faderka, kter\u00e1 p\u0159isype k sobotn\u00ed lobotomii. Rychlost, s\u00edla i poetika, kter\u00e1 prov\u011btr\u00e1 v\u0161echny \u010dern\u00e9 du\u0161e.<br \/>\n<a href=\"http:\/\/ratsgetfat.bandcamp.com\/\" target=\"_blank\">http:\/\/ratsgetfat.bandcamp.com\/<\/a><\/p>\n<p><b>R\u00fabanisko<\/b><br \/>\nAnim\u00e1ln\u00ed \u017eiveln\u00fd punk, kter\u00fd roztan\u010d\u00ed i revmatiky. Sada kr\u00e1tk\u00fdch \u00fadern\u00fdch hl\u00e1\u0161ek, kter\u00e9 ti na prvn\u00ed dobu odp\u00e1l\u00ed mozek tak, \u017ee s nima bude\u0161 je\u0161t\u011b us\u00ednat. Up\u0159\u00edmn\u00e1 syrov\u00e1 v\u00fdpov\u011b\u010f t\u0159\u00ed t\u00fdpk\u016f, kte\u0159\u00ed d\u011blaj\u00ed v\u011bci po sv\u00e9m.<br \/>\n<a href=\"http:\/\/burinarecords.bandcamp.com\/\" target=\"_blank\">http:\/\/burinarecords.bandcamp.com\/<\/a><\/p>\n<p><b>!! Akce se kon\u00e1 na BARU Stanice \u017dilina &#8211; Z\u00e1rie\u010die !!<br \/>\n!! V prostoru se budou po celou dobu prom\u00edtat fotky @Nat\u00e1lia Zaja\u010dikov\u00e1 zachycuj\u00edc\u00ed d\u011bn\u00ed kolem Kliniky a fotografie ze \u017eilinsk\u00e9ho squatu Pal\u00e1c Sofia !!<br \/>\n!! Cel\u00e1 akce bude streamovan\u00e1 \u017eilinsk\u00fdch DIY r\u00e1diem Audiozine !!<br \/>\n!! Na baru v\u00e1s \u010dek\u00e1 benefi\u010dn\u00ed vegansk\u00fd gul\u00e1\u0161 v re\u017eii Rebecca Murray !!<\/b><br \/>\nVSTUP DOBROVOLN\u00dd (ze vstupu budou hrazeny n\u00e1klady na zorganizov\u00e1n\u00ed akce, p\u0159ebytky poputuj\u00ed na podporu Kliniky)<br \/>\n<a href=\"https:\/\/www.facebook.com\/events\/795481717166609%3C\/p%3E\" target=\"_blank\">https:\/\/www.facebook.com\/events\/795481717166609<\/a><\/p>\n","protected":false},"excerpt":{"rendered":"<p>Ani \u017dilina nez\u016fstane 24. ledna on\u011bm\u011bl\u00e1 a beze slov. I \u017dilina se rozhodla p\u0159ipojit ke Dni pro Kliniku, k akci nap\u0159\u00ed\u010d republikama na podporu pra\u017esk\u00e9ho komunitn\u00edho kulturn\u011b soci\u00e1ln\u00edho centra s\u00eddl\u00edc\u00edho v budov\u011b b\u00fdval\u00e9 polikliniky. Je to n\u011bco p\u0159es m\u011bs\u00edc, co policie n\u00e1siln\u011b vyklidila akademiky a dal\u0161\u00ed obyvatele Kliniky z Jes\u00e9niovy ulice vz\u00e1p\u011bt\u00ed potom, co zch\u00e1tralou [&hellip;]<\/p>\n","protected":false},"author":4,"featured_media":0,"comment_status":"open","ping_status":"open","sticky":false,"template":"","format":"standard","meta":{"pgc_sgb_lightbox_settings":"","footnotes":"","_links_to":"","_links_to_target":""},"categories":[7,9],"tags":[403,25],"class_list":["post-8487","post","type-post","status-publish","format-standard","hentry","category-akcie","category-news","tag-klinika","tag-squating"],"_links":{"self":[{"href":"https:\/\/www.cesnak.org\/csnk\/wp-json\/wp\/v2\/posts\/8487","targetHints":{"allow":["GET"]}}],"collection":[{"href":"https:\/\/www.cesnak.org\/csnk\/wp-json\/wp\/v2\/posts"}],"about":[{"href":"https:\/\/www.cesnak.org\/csnk\/wp-json\/wp\/v2\/types\/post"}],"author":[{"embeddable":true,"href":"https:\/\/www.cesnak.org\/csnk\/wp-json\/wp\/v2\/users\/4"}],"replies":[{"embeddable":true,"href":"https:\/\/www.cesnak.org\/csnk\/wp-json\/wp\/v2\/comments?post=8487"}],"version-history":[{"count":0,"href":"https:\/\/www.cesnak.org\/csnk\/wp-json\/wp\/v2\/posts\/8487\/revisions"}],"wp:attachment":[{"href":"https:\/\/www.cesnak.org\/csnk\/wp-json\/wp\/v2\/media?parent=8487"}],"wp:term":[{"taxonomy":"category","embeddable":true,"href":"https:\/\/www.cesnak.org\/csnk\/wp-json\/wp\/v2\/categories?post=8487"},{"taxonomy":"post_tag","embeddable":true,"href":"https:\/\/www.cesnak.org\/csnk\/wp-json\/wp\/v2\/tags?post=8487"}],"curies":[{"name":"wp","href":"https:\/\/api.w.org\/{rel}","templated":true}]}}