{"id":8748,"date":"2017-08-25T09:03:05","date_gmt":"2017-08-25T08:03:05","guid":{"rendered":"http:\/\/www.cesnak.org\/csnk\/?p=8748"},"modified":"2017-08-25T09:03:05","modified_gmt":"2017-08-25T08:03:05","slug":"povstanie-pokracuje-2017","status":"publish","type":"post","link":"https:\/\/www.cesnak.org\/csnk\/povstanie-pokracuje-2017\/","title":{"rendered":"Povstanie pokra\u010duje 2017"},"content":{"rendered":"<figure style=\"width: 1920px\" class=\"wp-caption alignnone\"><a href=\"https:\/\/bratislavabeznackov.org\/povstaniepokracuje\/\"><img loading=\"lazy\" decoding=\"async\" src=\"http:\/\/udrzatelne.sk\/img\/akcie\/antifa\/2017-Povstanie-pokracuje.jpg\" alt=\"Povstanie pokra\u010duje 2017\" width=\"1920\" height=\"1080\" \/><\/a><figcaption class=\"wp-caption-text\"><strong>Povstanie pokra\u010duje 2017<\/strong><\/figcaption><\/figure>\n<p>Povstanie pokra\u010duje je antifa\u0161istick\u00fd festival organizovan\u00fd pri pr\u00edle\u017eitosti v\u00fdro\u010dia Slovensk\u00e9ho n\u00e1rodn\u00e9ho povstania 25.-30. augusta 2017 v Bratislave. Jeho hlavnou my\u0161lienkou je vzdanie \u00facty \u013eu\u010fom, ktor\u00ed sa akt\u00edvne zapojili do boja proti ne\u013eudskej fa\u0161istickej ideol\u00f3gii v minulosti a \u0161\u00edrenie hodn\u00f4t tolerancie, antirasizmu a antifa\u0161izmu v s\u00fa\u010dasnosti. S\u00e9ria antifa\u0161istick\u00fdch akci\u00ed sa po\u010das t\u00fdchto dn\u00ed odohr\u00e1 na N\u00e1mest\u00ed SNP, v klube FUGA, pri Moste SNP, ako aj priamo v uliciach Star\u00e9ho Mesta.<\/p>\n<p>&nbsp;<\/p>\n<p>viac na: <a href=\"https:\/\/bratislavabeznackov.org\/povstaniepokracuje\/\">https:\/\/bratislavabeznackov.org\/povstaniepokracuje\/<\/a><\/p>\n","protected":false},"excerpt":{"rendered":"<p>Povstanie pokra\u010duje je antifa\u0161istick\u00fd festival organizovan\u00fd pri pr\u00edle\u017eitosti v\u00fdro\u010dia Slovensk\u00e9ho n\u00e1rodn\u00e9ho povstania 25.-30. augusta 2017 v Bratislave. Jeho hlavnou my\u0161lienkou je vzdanie \u00facty \u013eu\u010fom, ktor\u00ed sa akt\u00edvne zapojili do boja proti ne\u013eudskej fa\u0161istickej ideol\u00f3gii v minulosti a \u0161\u00edrenie hodn\u00f4t tolerancie, antirasizmu a antifa\u0161izmu v s\u00fa\u010dasnosti. S\u00e9ria antifa\u0161istick\u00fdch akci\u00ed sa po\u010das t\u00fdchto dn\u00ed odohr\u00e1 na N\u00e1mest\u00ed [&hellip;]<\/p>\n","protected":false},"author":4,"featured_media":0,"comment_status":"open","ping_status":"open","sticky":false,"template":"","format":"standard","meta":{"pgc_sgb_lightbox_settings":"","footnotes":"","_links_to":"","_links_to_target":""},"categories":[7,17],"tags":[],"class_list":["post-8748","post","type-post","status-publish","format-standard","hentry","category-akcie","category-antifasizmus"],"_links":{"self":[{"href":"https:\/\/www.cesnak.org\/csnk\/wp-json\/wp\/v2\/posts\/8748","targetHints":{"allow":["GET"]}}],"collection":[{"href":"https:\/\/www.cesnak.org\/csnk\/wp-json\/wp\/v2\/posts"}],"about":[{"href":"https:\/\/www.cesnak.org\/csnk\/wp-json\/wp\/v2\/types\/post"}],"author":[{"embeddable":true,"href":"https:\/\/www.cesnak.org\/csnk\/wp-json\/wp\/v2\/users\/4"}],"replies":[{"embeddable":true,"href":"https:\/\/www.cesnak.org\/csnk\/wp-json\/wp\/v2\/comments?post=8748"}],"version-history":[{"count":4,"href":"https:\/\/www.cesnak.org\/csnk\/wp-json\/wp\/v2\/posts\/8748\/revisions"}],"predecessor-version":[{"id":8752,"href":"https:\/\/www.cesnak.org\/csnk\/wp-json\/wp\/v2\/posts\/8748\/revisions\/8752"}],"wp:attachment":[{"href":"https:\/\/www.cesnak.org\/csnk\/wp-json\/wp\/v2\/media?parent=8748"}],"wp:term":[{"taxonomy":"category","embeddable":true,"href":"https:\/\/www.cesnak.org\/csnk\/wp-json\/wp\/v2\/categories?post=8748"},{"taxonomy":"post_tag","embeddable":true,"href":"https:\/\/www.cesnak.org\/csnk\/wp-json\/wp\/v2\/tags?post=8748"}],"curies":[{"name":"wp","href":"https:\/\/api.w.org\/{rel}","templated":true}]}}