{"id":9196,"date":"2019-05-28T07:41:04","date_gmt":"2019-05-28T06:41:04","guid":{"rendered":"https:\/\/www.cesnak.org\/csnk\/?p=9196"},"modified":"2019-05-28T08:22:56","modified_gmt":"2019-05-28T07:22:56","slug":"tomas-palucha-cz-lavra-cz-klub-luc-trencin-31-5-2019","status":"publish","type":"post","link":"https:\/\/www.cesnak.org\/csnk\/tomas-palucha-cz-lavra-cz-klub-luc-trencin-31-5-2019\/","title":{"rendered":"TOM\u00c1\u0160 PALUCHA (CZ) + LAVRA (CZ) &#8211; Klub L\u00fa\u010d Tren\u010d\u00edn &#8211; 31.5.2019"},"content":{"rendered":"\n<p> <strong>TOM\u00c1\u0160 PALUCHA (CZ)<\/strong> <\/p>\n\n\n\n<figure class=\"wp-block-image\"><img decoding=\"async\" src=\"http:\/\/klubluc.sk\/images\/carousel\/400\/TomasPalucha_hmpg_luc.jpg\" alt=\"\"\/><figcaption>Tom\u00e1\u0161 Palucha<\/figcaption><\/figure>\n\n\n\n<p> Tom\u00e1\u0161 Palucha je prom\u011bnliv\u00e1 kapela, slo\u017een\u00e1 z muzikant\u016f kolem \u00fast\u0159edn\u00ed  dvojice Jana Tom\u00e1\u0161e a Libora Paluchy. Moment\u00e1ln\u011b \u010d\u00edt\u00e1 \u010dty\u0159i \u010dleny, krom\u011b  p\u016fvodn\u00edch dvou \u010dlen\u016f tak\u00e9 buben\u00edka Reg\u00e1la zn\u00e1m\u00e9ho z Kovadliny nebo  Priessnitz a zvukov\u00e9ho m\u00e1ga Tom\u00e1\u0161e Vondru z Orient. V\u011bt\u0161ina \u010dlen\u016f kapely  je z\u00e1rove\u0148 sou\u010d\u00e1st\u00ed aktu\u00e1ln\u00ed koncertn\u00ed sestavy kultovn\u00ed HC kapely  Lvmen&#8230; Jejich posledn\u00ed alba Guru (Silver Rocket, 2016) a leto\u0161n\u00ed  novinka \u010caro (Day After Records, 2018) kapelu r\u00e1zem dostala do \u0161irok\u00e9ho  pov\u011bdom\u00ed a do\u010dkala se bezv\u00fdhradn\u011b nad\u0161en\u00e9ho p\u0159ijet\u00ed kritiky. Guru, pln\u00e1  skv\u011bl\u00fdch hostuj\u00edc\u00edch muzikant\u016f z \u010cR i zahrani\u010d\u00ed, figurovala prakticky ve  v\u0161ech v\u00fdro\u010dn\u00edch anket\u00e1ch a \u017eeb\u0159\u00ed\u010dc\u00edch mezi deskami roku, \u010caro m\u00e1 podle  dosavadn\u00edho ohlasu nakro\u010deno \u00fapln\u011b stejn\u011b&#8230; Jan i Libor vy\u0161li z DIY  punk\/hardcore sc\u00e9ny a pro\u0161li (nebo jsou po\u0159\u00e1d jejich sou\u010d\u00e1st\u00ed) kapelami  nebo projekty Thema Eleven, Mother, Kovadlina, S\u00edt\u011b nebo Repelent SS.  Muzika, kterou vytv\u00e1\u0159\u00ed spole\u010dn\u011b pod n\u00e1zvem Tom\u00e1\u0161 Palucha v\u00e1s proto dost  mo\u017en\u00e1 p\u0159ekvap\u00ed svou p\u0159\u00edstupnost\u00ed. Zvuk tvrd\u00fdch kytar vyu\u017e\u00edv\u00e1 jen z\u0159\u00eddka,  daleko v\u00edc se nese v poklidn\u00e9m tempu a pozvoln\u00e9m rozv\u00edjen\u00ed nen\u00e1padn\u00fdch  motiv\u016f, pl\u00ed\u017eiv\u011b a hypnoticky gradovan\u00fdch a\u017e do noisov\u00fdch pas\u00e1\u017e\u00ed.  Neok\u00e1zal\u00e1, vtahuj\u00edc\u00ed, obrazotvorn\u00e1 a svobodn\u00e1 hudba, kter\u00e1 se vymyk\u00e1  \u0161katulk\u00e1m, stav\u00ed hlavn\u011b na jemn\u00e9 souh\u0159e dvou kytar, obejde se a\u017e na  v\u00fdjimky bez zp\u011bvu a na koncertech ji p\u0159\u00edzna\u010dn\u011b doprov\u00e1z\u00ed projekce. <br> <a rel=\"noreferrer noopener\" href=\"https:\/\/tomaspalucha.bandcamp.com\/\" target=\"_blank\">https:\/\/tomaspalucha.bandcamp.com\/ <\/a> <\/p>\n\n\n\n<figure class=\"wp-block-embed-youtube wp-block-embed is-type-video is-provider-youtube wp-embed-aspect-16-9 wp-has-aspect-ratio\"><div class=\"wp-block-embed__wrapper\">\n<iframe loading=\"lazy\" title=\"Tom\u00e1\u0161 Palucha - Tycho (Resistor Sound Session)\" width=\"500\" height=\"281\" src=\"https:\/\/www.youtube.com\/embed\/29uECC-HshI?feature=oembed\" frameborder=\"0\" allow=\"accelerometer; autoplay; clipboard-write; encrypted-media; gyroscope; picture-in-picture; web-share\" referrerpolicy=\"strict-origin-when-cross-origin\" allowfullscreen><\/iframe>\n<\/div><\/figure>\n\n\n\n<p><br> <br> <strong>LAVRA (CZ)<\/strong><\/p>\n\n\n\n<figure class=\"wp-block-image\"><img loading=\"lazy\" decoding=\"async\" width=\"720\" height=\"576\" src=\"https:\/\/www.cesnak.org\/csnk\/wp-content\/uploads\/2019\/05\/0009651298_10.jpg\" alt=\"\" class=\"wp-image-9201\" srcset=\"https:\/\/www.cesnak.org\/csnk\/wp-content\/uploads\/2019\/05\/0009651298_10.jpg 720w, https:\/\/www.cesnak.org\/csnk\/wp-content\/uploads\/2019\/05\/0009651298_10-300x240.jpg 300w\" sizes=\"auto, (max-width: 720px) 100vw, 720px\" \/><\/figure>\n\n\n\n<p> Lavra ml\u017e\u00ed, schov\u00e1v\u00e1 se v kryptick\u00fdch odkazech a mnoho se o n\u00ed naj\u00edt  ned\u00e1, co\u017e vypad\u00e1 jako z\u00e1m\u011br. P\u0159esto mezi hudebn\u00edmi podpovrchov\u00fdmi  hleda\u010di pat\u0159\u00ed mezi celkem frekventovan\u00e1 jm\u00e9na a ten, kdo se vyh\u00fdb\u00e1  mainstreamu jak\u00e9hokoliv \u017e\u00e1nru obloukem, by m\u011bl zpozornit, pokud u\u017e d\u00e1vno  nen\u00ed doma. Lavra si v klidu d\u011bl\u00e1 svoje v\u011bci u\u017e n\u011bjakou dobu, a\u0165 u\u017e je  to prvn\u00ed mixtape Eve z roku 2016, album dvou kompozic Life From The  Monastery z konce roku 2017, nahran\u00e9 ve zku\u0161ebn\u011b, nebo n\u00e1sleduj\u00edc\u00ed dv\u011b  v\u011bci Union a Deity a \u010derstv\u011b vydan\u00e9 album Usual Blaze na hardcorov\u00e9m  labelu Pushteek. Lavru tvo\u0159\u00ed duo zp\u011bva\u010dka Barbora Zeln\u00ed\u010dkov\u00e1 a Tom\u00e1\u0161  Vondra (jinak taky Orient) Jede si dost temnou elektroniku s odkazy a\u017e  n\u011bkam k elektronick\u00e9mu industrialu, miluje pomalu graduj\u00edc\u00ed repetice a  rezonuje s tvorbou \u0159ekn\u011bme Throbbing Gristle, Swans, The Coil, ranou  produkc\u00ed kultovn\u00edho labelu Warp a podobn\u00fdch \u2018nemodern\u00edch\u2019 v\u011bc\u00ed.<br> <a href=\"https:\/\/lavra.bandcamp.com\/releases\">https:\/\/lavra.bandcamp.com\/releases<\/a>  <\/p>\n\n\n\n<figure class=\"wp-block-embed-youtube wp-block-embed is-type-video is-provider-youtube wp-embed-aspect-4-3 wp-has-aspect-ratio\"><div class=\"wp-block-embed__wrapper\">\n<iframe loading=\"lazy\" title=\"LAVRA \u2013 EVE [FULL MIXTAPE]\" width=\"500\" height=\"375\" src=\"https:\/\/www.youtube.com\/embed\/Rc2oRwp3Xa8?feature=oembed\" frameborder=\"0\" allow=\"accelerometer; autoplay; clipboard-write; encrypted-media; gyroscope; picture-in-picture; web-share\" referrerpolicy=\"strict-origin-when-cross-origin\" allowfullscreen><\/iframe>\n<\/div><\/figure>\n","protected":false},"excerpt":{"rendered":"<p>TOM\u00c1\u0160 PALUCHA (CZ) Tom\u00e1\u0161 Palucha je prom\u011bnliv\u00e1 kapela, slo\u017een\u00e1 z muzikant\u016f kolem \u00fast\u0159edn\u00ed dvojice Jana Tom\u00e1\u0161e a Libora Paluchy. Moment\u00e1ln\u011b \u010d\u00edt\u00e1 \u010dty\u0159i \u010dleny, krom\u011b p\u016fvodn\u00edch dvou \u010dlen\u016f tak\u00e9 buben\u00edka Reg\u00e1la zn\u00e1m\u00e9ho z Kovadliny nebo Priessnitz a zvukov\u00e9ho m\u00e1ga Tom\u00e1\u0161e Vondru z Orient. V\u011bt\u0161ina \u010dlen\u016f kapely je z\u00e1rove\u0148 sou\u010d\u00e1st\u00ed aktu\u00e1ln\u00ed koncertn\u00ed sestavy kultovn\u00ed HC kapely Lvmen&#8230; [&hellip;]<\/p>\n","protected":false},"author":4,"featured_media":0,"comment_status":"open","ping_status":"open","sticky":false,"template":"","format":"standard","meta":{"pgc_sgb_lightbox_settings":"","footnotes":"","_links_to":"","_links_to_target":""},"categories":[7],"tags":[18,152,19],"class_list":["post-9196","post","type-post","status-publish","format-standard","hentry","category-akcie","tag-hardcore","tag-klub-luc","tag-koncert"],"_links":{"self":[{"href":"https:\/\/www.cesnak.org\/csnk\/wp-json\/wp\/v2\/posts\/9196","targetHints":{"allow":["GET"]}}],"collection":[{"href":"https:\/\/www.cesnak.org\/csnk\/wp-json\/wp\/v2\/posts"}],"about":[{"href":"https:\/\/www.cesnak.org\/csnk\/wp-json\/wp\/v2\/types\/post"}],"author":[{"embeddable":true,"href":"https:\/\/www.cesnak.org\/csnk\/wp-json\/wp\/v2\/users\/4"}],"replies":[{"embeddable":true,"href":"https:\/\/www.cesnak.org\/csnk\/wp-json\/wp\/v2\/comments?post=9196"}],"version-history":[{"count":3,"href":"https:\/\/www.cesnak.org\/csnk\/wp-json\/wp\/v2\/posts\/9196\/revisions"}],"predecessor-version":[{"id":9203,"href":"https:\/\/www.cesnak.org\/csnk\/wp-json\/wp\/v2\/posts\/9196\/revisions\/9203"}],"wp:attachment":[{"href":"https:\/\/www.cesnak.org\/csnk\/wp-json\/wp\/v2\/media?parent=9196"}],"wp:term":[{"taxonomy":"category","embeddable":true,"href":"https:\/\/www.cesnak.org\/csnk\/wp-json\/wp\/v2\/categories?post=9196"},{"taxonomy":"post_tag","embeddable":true,"href":"https:\/\/www.cesnak.org\/csnk\/wp-json\/wp\/v2\/tags?post=9196"}],"curies":[{"name":"wp","href":"https:\/\/api.w.org\/{rel}","templated":true}]}}