{"id":963,"date":"2010-09-30T20:03:20","date_gmt":"2010-09-30T19:03:20","guid":{"rendered":"http:\/\/www.cesnak.org\/csnk\/?p=963"},"modified":"2010-11-07T18:01:07","modified_gmt":"2010-11-07T17:01:07","slug":"metamorfozy-2010-globalna-klimaticka-zmena","status":"publish","type":"post","link":"https:\/\/www.cesnak.org\/csnk\/metamorfozy-2010-globalna-klimaticka-zmena\/","title":{"rendered":"Metamorf\u00f3zy 2010 \u2013 Globalna klimatick\u00e1 zmena"},"content":{"rendered":"<p>Neziskov\u00e1 organiz\u00e1cia Pansophia<\/p>\n<p>v spolupr\u00e1ci so Slovenskou akad\u00e9miou vied a Ministerstvom Kult\u00fary SR pripravuje na d\u0148a<\/p>\n<p>6. novembra 2010 v kine Hviezda Tren\u010d\u00edn o 18 hodine tretiu moderovan\u00fa diskusiu<\/p>\n<p>z cyklu  vedecko-populariza\u010dn\u00fdch verejn\u00fdch besied s popredn\u00fdmi predstavite\u013emi slovenskej, ale i svetovej vedy pod spolo\u010dn\u00fdm n\u00e1zvom \u201eMetamorf\u00f3zy\u201c. Tento kr\u00e1t pod titulkom Glob\u00e1lne klimatick\u00e9 zmeny na na\u0161ej plan\u00e9te.<\/p>\n<p>hos\u0165ami besedy s\u00fa:<br \/>\nprof. RNDr. J\u00falius KREMPASK\u00dd, DrSc., FEI STU, SR<br \/>\nprof. RNDr. Milan LAPIN CSc., oddelenie meteorol\u00f3gie a klimatol\u00f3gie KAFZM FMFI UK, SR<br \/>\nIng. Viliam NOV\u00c1K DrSc., \u00dastav hydrol\u00f3gie SAV, SR<br \/>\nMgr. V\u00edt\u011bzslav KREML\u00cdK,  klimatol\u00f3g, publicista, tvorca port\u00e1lu Klimaskeptik.cz, \u010cR<\/p>\n<p>nestor a moder\u00e1tor programu:<br \/>\nprof. Ing \u0160tefan LUBY, DrSC., Fyzik\u00e1lny \u00fastav SAV<\/p>\n<p>Dalsie <a href=\"http:\/\/www.scot.sk\/-tmp\/Metamorfozy2010.pdf\">info<\/a><\/p>\n","protected":false},"excerpt":{"rendered":"<p>Neziskov\u00e1 organiz\u00e1cia Pansophia v spolupr\u00e1ci so Slovenskou akad\u00e9miou vied a Ministerstvom Kult\u00fary SR pripravuje na d\u0148a 6. novembra 2010 v kine Hviezda Tren\u010d\u00edn o 18 hodine tretiu moderovan\u00fa diskusiu z cyklu vedecko-populariza\u010dn\u00fdch verejn\u00fdch besied s popredn\u00fdmi predstavite\u013emi slovenskej, ale i svetovej vedy pod spolo\u010dn\u00fdm n\u00e1zvom \u201eMetamorf\u00f3zy\u201c. Tento kr\u00e1t pod titulkom Glob\u00e1lne klimatick\u00e9 zmeny na na\u0161ej [&hellip;]<\/p>\n","protected":false},"author":4,"featured_media":0,"comment_status":"open","ping_status":"open","sticky":false,"template":"","format":"standard","meta":{"pgc_sgb_lightbox_settings":"","footnotes":"","_links_to":"","_links_to_target":""},"categories":[7,5,1],"tags":[41],"class_list":["post-963","post","type-post","status-publish","format-standard","hentry","category-akcie","category-eko","category-uncategorized","tag-ekologia"],"_links":{"self":[{"href":"https:\/\/www.cesnak.org\/csnk\/wp-json\/wp\/v2\/posts\/963","targetHints":{"allow":["GET"]}}],"collection":[{"href":"https:\/\/www.cesnak.org\/csnk\/wp-json\/wp\/v2\/posts"}],"about":[{"href":"https:\/\/www.cesnak.org\/csnk\/wp-json\/wp\/v2\/types\/post"}],"author":[{"embeddable":true,"href":"https:\/\/www.cesnak.org\/csnk\/wp-json\/wp\/v2\/users\/4"}],"replies":[{"embeddable":true,"href":"https:\/\/www.cesnak.org\/csnk\/wp-json\/wp\/v2\/comments?post=963"}],"version-history":[{"count":0,"href":"https:\/\/www.cesnak.org\/csnk\/wp-json\/wp\/v2\/posts\/963\/revisions"}],"wp:attachment":[{"href":"https:\/\/www.cesnak.org\/csnk\/wp-json\/wp\/v2\/media?parent=963"}],"wp:term":[{"taxonomy":"category","embeddable":true,"href":"https:\/\/www.cesnak.org\/csnk\/wp-json\/wp\/v2\/categories?post=963"},{"taxonomy":"post_tag","embeddable":true,"href":"https:\/\/www.cesnak.org\/csnk\/wp-json\/wp\/v2\/tags?post=963"}],"curies":[{"name":"wp","href":"https:\/\/api.w.org\/{rel}","templated":true}]}}